{"id":2249,"date":"2026-03-16T06:00:00","date_gmt":"2026-03-16T09:00:00","guid":{"rendered":"https:\/\/oppens.com.br\/blog\/?p=2249"},"modified":"2026-01-26T15:30:18","modified_gmt":"2026-01-26T18:30:18","slug":"credito-nao-e-vilao-desorganizacao-e","status":"publish","type":"post","link":"https:\/\/oppens.com.br\/blog\/emprestimos-e-financiamentos\/credito-nao-e-vilao-desorganizacao-e\/","title":{"rendered":"Cr\u00e9dito n\u00e3o \u00e9 vil\u00e3o \u2014 desorganiza\u00e7\u00e3o \u00e9"},"content":{"rendered":"<article>\n<p>Quando algo d\u00e1 errado com dinheiro, o cr\u00e9dito costuma levar a culpa. Afinal, empr\u00e9stimos, cart\u00f5es e financiamentos aparecem com frequ\u00eancia nas hist\u00f3rias de endividamento. No entanto, o problema raramente est\u00e1 no cr\u00e9dito em si.<\/p>\n<p>Na maioria das situa\u00e7\u00f5es, a dificuldade surge da falta de organiza\u00e7\u00e3o. Ou seja, o uso do cr\u00e9dito sem planejamento, sem compara\u00e7\u00e3o e sem vis\u00e3o do impacto no or\u00e7amento \u00e9 o que transforma uma ferramenta \u00fatil em dor de cabe\u00e7a.<\/p>\n<p>Por isso, entender a diferen\u00e7a entre cr\u00e9dito e desorganiza\u00e7\u00e3o ajuda a mudar a rela\u00e7\u00e3o com o dinheiro e a tomar decis\u00f5es mais equilibradas.<\/p>\n<section>\n<h2>Por que o cr\u00e9dito ganha fama de vil\u00e3o<\/h2>\n<p>Primeiramente, o cr\u00e9dito aparece nos momentos de aperto. Quando as contas n\u00e3o fecham, muitas pessoas recorrem a ele sem planejamento, o que gera dificuldades futuras.<\/p>\n<p>Al\u00e9m disso, a facilidade de contrata\u00e7\u00e3o faz com que decis\u00f5es importantes sejam tomadas no impulso, sem an\u00e1lise do impacto real no or\u00e7amento.<\/p>\n<\/section>\n<section>\n<h2>O papel da desorganiza\u00e7\u00e3o financeira<\/h2>\n<p>A desorganiza\u00e7\u00e3o financeira acontece quando n\u00e3o h\u00e1 clareza sobre quanto se ganha, quanto se gasta e quanto j\u00e1 est\u00e1 comprometido com d\u00edvidas.<\/p>\n<p>Nesse cen\u00e1rio, qualquer nova parcela, mesmo pequena, pode desequilibrar o or\u00e7amento e criar a sensa\u00e7\u00e3o de que o cr\u00e9dito \u00e9 sempre um problema.<\/p>\n<\/section>\n<section>\n<h2>Cr\u00e9dito bem planejado pode ajudar<\/h2>\n<p>Quando usado com consci\u00eancia, o cr\u00e9dito pode ajudar a organizar a vida financeira. Por exemplo, trocar uma d\u00edvida cara por outra mais barata ou financiar algo importante sem comprometer o or\u00e7amento.<\/p>\n<p>Assim sendo, o cr\u00e9dito bem planejado funciona como apoio tempor\u00e1rio, e n\u00e3o como solu\u00e7\u00e3o permanente para descontrole financeiro.<\/p>\n<\/section>\n<section>\n<h2>Organiza\u00e7\u00e3o vem antes da contrata\u00e7\u00e3o<\/h2>\n<p>Antes de contratar qualquer produto financeiro, \u00e9 essencial olhar para o or\u00e7amento. Saber quanto j\u00e1 est\u00e1 comprometido evita assumir parcelas que n\u00e3o cabem na renda.<\/p>\n<p>Al\u00e9m disso, comparar condi\u00e7\u00f5es faz toda a diferen\u00e7a. O <a href=\"https:\/\/www.oppens.com.br\/home-mkt\" target=\"_blank\" rel=\"noopener\">comparador de cr\u00e9dito da Oppens<\/a> permite analisar empr\u00e9stimos, financiamentos e cart\u00f5es com base em dados p\u00fablicos do Open Finance, ajudando voc\u00ea a escolher op\u00e7\u00f5es mais adequadas \u00e0 sua realidade.<\/p>\n<p>Para complementar, confira tamb\u00e9m nossos conte\u00fados sobre <a href=\"https:\/\/oppens.com.br\/blog\/?s=controle+financeiro\" target=\"_blank\" rel=\"noopener\">controle financeiro<\/a> e <a href=\"https:\/\/oppens.com.br\/blog\/?s=uso+consciente+do+credito\" target=\"_blank\" rel=\"noopener\">uso consciente do cr\u00e9dito<\/a>.<\/p>\n<\/section>\n<section>\n<h2>Quando o cr\u00e9dito vira problema<\/h2>\n<p>O cr\u00e9dito vira problema quando entra no or\u00e7amento sem planejamento e sem objetivo claro. Parcelar tudo, pagar apenas o m\u00ednimo da fatura ou contratar cr\u00e9dito para cobrir gastos recorrentes s\u00e3o sinais de desorganiza\u00e7\u00e3o.<\/p>\n<p>Como resultado, a d\u00edvida cresce e refor\u00e7a a ideia de que o cr\u00e9dito \u00e9 sempre prejudicial.<\/p>\n<\/section>\n<section>\n<h2>Mudar o foco muda o resultado<\/h2>\n<p>Em vez de demonizar o cr\u00e9dito, vale olhar para a organiza\u00e7\u00e3o financeira. Pequenos ajustes no controle de gastos e mais aten\u00e7\u00e3o antes de contratar j\u00e1 mudam completamente o resultado.<\/p>\n<p>Portanto, quando o uso do cr\u00e9dito vem acompanhado de planejamento e informa\u00e7\u00e3o, ele deixa de ser vil\u00e3o e passa a ser ferramenta.<\/p>\n<\/section>\n<footer>\n<p><strong>Conte\u00fado educativo:<\/strong> Este artigo tem car\u00e1ter informativo e n\u00e3o representa recomenda\u00e7\u00e3o financeira personalizada. Avalie sua situa\u00e7\u00e3o antes de contratar produtos financeiros.<\/p>\n<p><strong>Experi\u00eancia e credibilidade:<\/strong> A Oppens atua com educa\u00e7\u00e3o financeira e an\u00e1lise de produtos de cr\u00e9dito, utilizando dados abertos do Open Finance Brasil para apoiar decis\u00f5es mais conscientes.<\/p>\n<\/footer>\n<\/article>\n\n\n<p><\/p>\n","protected":false},"excerpt":{"rendered":"<p>Quando algo d\u00e1 errado com dinheiro, o cr\u00e9dito costuma levar a culpa. Afinal, empr\u00e9stimos, cart\u00f5es e financiamentos aparecem com frequ\u00eancia [&hellip;]<\/p>\n","protected":false},"author":1,"featured_media":2250,"comment_status":"closed","ping_status":"closed","sticky":false,"template":"","format":"standard","meta":{"site-sidebar-layout":"default","site-content-layout":"","ast-site-content-layout":"default","site-content-style":"default","site-sidebar-style":"default","ast-global-header-display":"","ast-banner-title-visibility":"","ast-main-header-display":"","ast-hfb-above-header-display":"","ast-hfb-below-header-display":"","ast-hfb-mobile-header-display":"","site-post-title":"","ast-breadcrumbs-content":"","ast-featured-img":"","footer-sml-layout":"","ast-disable-related-posts":"","theme-transparent-header-meta":"","adv-header-id-meta":"","stick-header-meta":"","header-above-stick-meta":"","header-main-stick-meta":"","header-below-stick-meta":"","astra-migrate-meta-layouts":"default","ast-page-background-enabled":"default","ast-page-background-meta":{"desktop":{"background-color":"var(--ast-global-color-5)","background-image":"","background-repeat":"repeat","background-position":"center center","background-size":"auto","background-attachment":"scroll","background-type":"","background-media":"","overlay-type":"","overlay-color":"","overlay-opacity":"","overlay-gradient":""},"tablet":{"background-color":"","background-image":"","background-repeat":"repeat","background-position":"center center","background-size":"auto","background-attachment":"scroll","background-type":"","background-media":"","overlay-type":"","overlay-color":"","overlay-opacity":"","overlay-gradient":""},"mobile":{"background-color":"","background-image":"","background-repeat":"repeat","background-position":"center center","background-size":"auto","background-attachment":"scroll","background-type":"","background-media":"","overlay-type":"","overlay-color":"","overlay-opacity":"","overlay-gradient":""}},"ast-content-background-meta":{"desktop":{"background-color":"var(--ast-global-color-4)","background-image":"","background-repeat":"repeat","background-position":"center center","background-size":"auto","background-attachment":"scroll","background-type":"","background-media":"","overlay-type":"","overlay-color":"","overlay-opacity":"","overlay-gradient":""},"tablet":{"background-color":"var(--ast-global-color-4)","background-image":"","background-repeat":"repeat","background-position":"center center","background-size":"auto","background-attachment":"scroll","background-type":"","background-media":"","overlay-type":"","overlay-color":"","overlay-opacity":"","overlay-gradient":""},"mobile":{"background-color":"var(--ast-global-color-4)","background-image":"","background-repeat":"repeat","background-position":"center center","background-size":"auto","background-attachment":"scroll","background-type":"","background-media":"","overlay-type":"","overlay-color":"","overlay-opacity":"","overlay-gradient":""}},"footnotes":""},"categories":[24],"tags":[105,150,217,106,108,181,183,180,113,221],"class_list":["post-2249","post","type-post","status-publish","format-standard","has-post-thumbnail","hentry","category-emprestimos-e-financiamentos","tag-controle-financeiro","tag-credito-consciente","tag-decisoes-financeiras","tag-educacao-financeira","tag-financas-pessoais","tag-habitos-financeiros","tag-orcamento-pessoal","tag-organizacao-financeira","tag-planejamento-financeiro","tag-uso-do-credito"],"yoast_head":"<!-- This site is optimized with the Yoast SEO plugin v27.5 - https:\/\/yoast.com\/product\/yoast-seo-wordpress\/ -->\n<title>Cr\u00e9dito n\u00e3o \u00e9 vil\u00e3o \u2014 desorganiza\u00e7\u00e3o \u00e9 - Oppens<\/title>\n<meta name=\"description\" content=\"O cr\u00e9dito n\u00e3o \u00e9 o vil\u00e3o das finan\u00e7as. Entenda por que a desorganiza\u00e7\u00e3o causa problemas e como usar cr\u00e9dito com consci\u00eancia.\" \/>\n<meta name=\"robots\" content=\"index, follow, max-snippet:-1, max-image-preview:large, max-video-preview:-1\" \/>\n<link rel=\"canonical\" href=\"https:\/\/oppens.com.br\/blog\/emprestimos-e-financiamentos\/credito-nao-e-vilao-desorganizacao-e\/\" \/>\n<meta property=\"og:locale\" content=\"pt_BR\" \/>\n<meta property=\"og:type\" content=\"article\" \/>\n<meta property=\"og:title\" content=\"Cr\u00e9dito n\u00e3o \u00e9 vil\u00e3o \u2014 desorganiza\u00e7\u00e3o \u00e9 - Oppens\" \/>\n<meta property=\"og:description\" content=\"O cr\u00e9dito n\u00e3o \u00e9 o vil\u00e3o das finan\u00e7as. Entenda por que a desorganiza\u00e7\u00e3o causa problemas e como usar cr\u00e9dito com consci\u00eancia.\" \/>\n<meta property=\"og:url\" content=\"https:\/\/oppens.com.br\/blog\/emprestimos-e-financiamentos\/credito-nao-e-vilao-desorganizacao-e\/\" \/>\n<meta property=\"og:site_name\" content=\"Oppens\" \/>\n<meta property=\"article:publisher\" content=\"https:\/\/www.facebook.com\/people\/Oppensoficial\/61558022886830\/?mibextid=LQQJ4d\" \/>\n<meta property=\"article:published_time\" content=\"2026-03-16T09:00:00+00:00\" \/>\n<meta property=\"og:image\" content=\"https:\/\/oppens.com.br\/blog\/wp-content\/uploads\/2026\/01\/uso_consciente_do_credito.jpeg\" \/>\n\t<meta property=\"og:image:width\" content=\"2272\" \/>\n\t<meta property=\"og:image:height\" content=\"1632\" \/>\n\t<meta property=\"og:image:type\" content=\"image\/jpeg\" \/>\n<meta name=\"author\" content=\"paulo.bissacot@oppens.com.br\" \/>\n<meta name=\"twitter:card\" content=\"summary_large_image\" \/>\n<meta name=\"twitter:label1\" content=\"Escrito por\" \/>\n\t<meta name=\"twitter:data1\" content=\"paulo.bissacot@oppens.com.br\" \/>\n\t<meta name=\"twitter:label2\" content=\"Est. tempo de leitura\" \/>\n\t<meta name=\"twitter:data2\" content=\"3 minutos\" \/>\n<script type=\"application\/ld+json\" class=\"yoast-schema-graph\">{\"@context\":\"https:\\\/\\\/schema.org\",\"@graph\":[{\"@type\":\"Article\",\"@id\":\"https:\\\/\\\/oppens.com.br\\\/blog\\\/emprestimos-e-financiamentos\\\/credito-nao-e-vilao-desorganizacao-e\\\/#article\",\"isPartOf\":{\"@id\":\"https:\\\/\\\/oppens.com.br\\\/blog\\\/emprestimos-e-financiamentos\\\/credito-nao-e-vilao-desorganizacao-e\\\/\"},\"author\":{\"name\":\"paulo.bissacot@oppens.com.br\",\"@id\":\"https:\\\/\\\/oppens.com.br\\\/blog\\\/#\\\/schema\\\/person\\\/9a79936c6f7b0a9c6c9d78ced28985b9\"},\"headline\":\"Cr\u00e9dito n\u00e3o \u00e9 vil\u00e3o \u2014 desorganiza\u00e7\u00e3o \u00e9\",\"datePublished\":\"2026-03-16T09:00:00+00:00\",\"mainEntityOfPage\":{\"@id\":\"https:\\\/\\\/oppens.com.br\\\/blog\\\/emprestimos-e-financiamentos\\\/credito-nao-e-vilao-desorganizacao-e\\\/\"},\"wordCount\":584,\"publisher\":{\"@id\":\"https:\\\/\\\/oppens.com.br\\\/blog\\\/#organization\"},\"image\":{\"@id\":\"https:\\\/\\\/oppens.com.br\\\/blog\\\/emprestimos-e-financiamentos\\\/credito-nao-e-vilao-desorganizacao-e\\\/#primaryimage\"},\"thumbnailUrl\":\"https:\\\/\\\/oppens.com.br\\\/blog\\\/wp-content\\\/uploads\\\/2026\\\/01\\\/uso_consciente_do_credito.jpeg\",\"keywords\":[\"controle financeiro\",\"cr\u00e9dito consciente\",\"decis\u00f5es financeiras\",\"educa\u00e7\u00e3o financeira\",\"finan\u00e7as pessoais\",\"h\u00e1bitos financeiros\",\"or\u00e7amento pessoal\",\"organiza\u00e7\u00e3o financeira\",\"planejamento financeiro\",\"uso do cr\u00e9dito\"],\"articleSection\":[\"Empr\u00e9stimos e financiamentos\"],\"inLanguage\":\"pt-BR\"},{\"@type\":\"WebPage\",\"@id\":\"https:\\\/\\\/oppens.com.br\\\/blog\\\/emprestimos-e-financiamentos\\\/credito-nao-e-vilao-desorganizacao-e\\\/\",\"url\":\"https:\\\/\\\/oppens.com.br\\\/blog\\\/emprestimos-e-financiamentos\\\/credito-nao-e-vilao-desorganizacao-e\\\/\",\"name\":\"Cr\u00e9dito n\u00e3o \u00e9 vil\u00e3o \u2014 desorganiza\u00e7\u00e3o \u00e9 - Oppens\",\"isPartOf\":{\"@id\":\"https:\\\/\\\/oppens.com.br\\\/blog\\\/#website\"},\"primaryImageOfPage\":{\"@id\":\"https:\\\/\\\/oppens.com.br\\\/blog\\\/emprestimos-e-financiamentos\\\/credito-nao-e-vilao-desorganizacao-e\\\/#primaryimage\"},\"image\":{\"@id\":\"https:\\\/\\\/oppens.com.br\\\/blog\\\/emprestimos-e-financiamentos\\\/credito-nao-e-vilao-desorganizacao-e\\\/#primaryimage\"},\"thumbnailUrl\":\"https:\\\/\\\/oppens.com.br\\\/blog\\\/wp-content\\\/uploads\\\/2026\\\/01\\\/uso_consciente_do_credito.jpeg\",\"datePublished\":\"2026-03-16T09:00:00+00:00\",\"description\":\"O cr\u00e9dito n\u00e3o \u00e9 o vil\u00e3o das finan\u00e7as. Entenda por que a desorganiza\u00e7\u00e3o causa problemas e como usar cr\u00e9dito com consci\u00eancia.\",\"breadcrumb\":{\"@id\":\"https:\\\/\\\/oppens.com.br\\\/blog\\\/emprestimos-e-financiamentos\\\/credito-nao-e-vilao-desorganizacao-e\\\/#breadcrumb\"},\"inLanguage\":\"pt-BR\",\"potentialAction\":[{\"@type\":\"ReadAction\",\"target\":[\"https:\\\/\\\/oppens.com.br\\\/blog\\\/emprestimos-e-financiamentos\\\/credito-nao-e-vilao-desorganizacao-e\\\/\"]}]},{\"@type\":\"ImageObject\",\"inLanguage\":\"pt-BR\",\"@id\":\"https:\\\/\\\/oppens.com.br\\\/blog\\\/emprestimos-e-financiamentos\\\/credito-nao-e-vilao-desorganizacao-e\\\/#primaryimage\",\"url\":\"https:\\\/\\\/oppens.com.br\\\/blog\\\/wp-content\\\/uploads\\\/2026\\\/01\\\/uso_consciente_do_credito.jpeg\",\"contentUrl\":\"https:\\\/\\\/oppens.com.br\\\/blog\\\/wp-content\\\/uploads\\\/2026\\\/01\\\/uso_consciente_do_credito.jpeg\",\"width\":2272,\"height\":1632,\"caption\":\"O cr\u00e9dito n\u00e3o \u00e9 o problema; a falta de organiza\u00e7\u00e3o financeira \u00e9 que causa desequil\u00edbrio.\"},{\"@type\":\"BreadcrumbList\",\"@id\":\"https:\\\/\\\/oppens.com.br\\\/blog\\\/emprestimos-e-financiamentos\\\/credito-nao-e-vilao-desorganizacao-e\\\/#breadcrumb\",\"itemListElement\":[{\"@type\":\"ListItem\",\"position\":1,\"name\":\"In\u00edcio\",\"item\":\"https:\\\/\\\/oppens.com.br\\\/blog\\\/\"},{\"@type\":\"ListItem\",\"position\":2,\"name\":\"Cr\u00e9dito n\u00e3o \u00e9 vil\u00e3o \u2014 desorganiza\u00e7\u00e3o \u00e9\"}]},{\"@type\":\"WebSite\",\"@id\":\"https:\\\/\\\/oppens.com.br\\\/blog\\\/#website\",\"url\":\"https:\\\/\\\/oppens.com.br\\\/blog\\\/\",\"name\":\"Oppens\",\"description\":\"Educa\u00e7\u00e3o financeira sobre cr\u00e9dito, empr\u00e9stimos e financiamentos\",\"publisher\":{\"@id\":\"https:\\\/\\\/oppens.com.br\\\/blog\\\/#organization\"},\"potentialAction\":[{\"@type\":\"SearchAction\",\"target\":{\"@type\":\"EntryPoint\",\"urlTemplate\":\"https:\\\/\\\/oppens.com.br\\\/blog\\\/?s={search_term_string}\"},\"query-input\":{\"@type\":\"PropertyValueSpecification\",\"valueRequired\":true,\"valueName\":\"search_term_string\"}}],\"inLanguage\":\"pt-BR\"},{\"@type\":\"Organization\",\"@id\":\"https:\\\/\\\/oppens.com.br\\\/blog\\\/#organization\",\"name\":\"Oppens\",\"url\":\"https:\\\/\\\/oppens.com.br\\\/blog\\\/\",\"logo\":{\"@type\":\"ImageObject\",\"inLanguage\":\"pt-BR\",\"@id\":\"https:\\\/\\\/oppens.com.br\\\/blog\\\/#\\\/schema\\\/logo\\\/image\\\/\",\"url\":\"https:\\\/\\\/oppens.com.br\\\/blog\\\/wp-content\\\/uploads\\\/2024\\\/08\\\/novo_oppens-marca-horizontal.png\",\"contentUrl\":\"https:\\\/\\\/oppens.com.br\\\/blog\\\/wp-content\\\/uploads\\\/2024\\\/08\\\/novo_oppens-marca-horizontal.png\",\"width\":933,\"height\":243,\"caption\":\"Oppens\"},\"image\":{\"@id\":\"https:\\\/\\\/oppens.com.br\\\/blog\\\/#\\\/schema\\\/logo\\\/image\\\/\"},\"sameAs\":[\"https:\\\/\\\/www.facebook.com\\\/people\\\/Oppensoficial\\\/61558022886830\\\/?mibextid=LQQJ4d\",\"https:\\\/\\\/www.linkedin.com\\\/company\\\/oppensbank\\\/?viewAsMember=true\",\"https:\\\/\\\/www.instagram.com\\\/oppens.oficial\\\/\"]},{\"@type\":\"Person\",\"@id\":\"https:\\\/\\\/oppens.com.br\\\/blog\\\/#\\\/schema\\\/person\\\/9a79936c6f7b0a9c6c9d78ced28985b9\",\"name\":\"paulo.bissacot@oppens.com.br\",\"image\":{\"@type\":\"ImageObject\",\"inLanguage\":\"pt-BR\",\"@id\":\"https:\\\/\\\/secure.gravatar.com\\\/avatar\\\/220758b3e205274cee1d2ff75f5057dd997c7fcf71a6a2de3d0627df5f0f0a7d?s=96&d=mm&r=g\",\"url\":\"https:\\\/\\\/secure.gravatar.com\\\/avatar\\\/220758b3e205274cee1d2ff75f5057dd997c7fcf71a6a2de3d0627df5f0f0a7d?s=96&d=mm&r=g\",\"contentUrl\":\"https:\\\/\\\/secure.gravatar.com\\\/avatar\\\/220758b3e205274cee1d2ff75f5057dd997c7fcf71a6a2de3d0627df5f0f0a7d?s=96&d=mm&r=g\",\"caption\":\"paulo.bissacot@oppens.com.br\"},\"sameAs\":[\"https:\\\/\\\/www.oppens.com.br\"],\"url\":\"https:\\\/\\\/oppens.com.br\\\/blog\\\/author\\\/paulo-bissacotoppens-com-br\\\/\"}]}<\/script>\n<!-- \/ Yoast SEO plugin. -->","yoast_head_json":{"title":"Cr\u00e9dito n\u00e3o \u00e9 vil\u00e3o \u2014 desorganiza\u00e7\u00e3o \u00e9 - Oppens","description":"O cr\u00e9dito n\u00e3o \u00e9 o vil\u00e3o das finan\u00e7as. Entenda por que a desorganiza\u00e7\u00e3o causa problemas e como usar cr\u00e9dito com consci\u00eancia.","robots":{"index":"index","follow":"follow","max-snippet":"max-snippet:-1","max-image-preview":"max-image-preview:large","max-video-preview":"max-video-preview:-1"},"canonical":"https:\/\/oppens.com.br\/blog\/emprestimos-e-financiamentos\/credito-nao-e-vilao-desorganizacao-e\/","og_locale":"pt_BR","og_type":"article","og_title":"Cr\u00e9dito n\u00e3o \u00e9 vil\u00e3o \u2014 desorganiza\u00e7\u00e3o \u00e9 - Oppens","og_description":"O cr\u00e9dito n\u00e3o \u00e9 o vil\u00e3o das finan\u00e7as. Entenda por que a desorganiza\u00e7\u00e3o causa problemas e como usar cr\u00e9dito com consci\u00eancia.","og_url":"https:\/\/oppens.com.br\/blog\/emprestimos-e-financiamentos\/credito-nao-e-vilao-desorganizacao-e\/","og_site_name":"Oppens","article_publisher":"https:\/\/www.facebook.com\/people\/Oppensoficial\/61558022886830\/?mibextid=LQQJ4d","article_published_time":"2026-03-16T09:00:00+00:00","og_image":[{"width":2272,"height":1632,"url":"https:\/\/oppens.com.br\/blog\/wp-content\/uploads\/2026\/01\/uso_consciente_do_credito.jpeg","type":"image\/jpeg"}],"author":"paulo.bissacot@oppens.com.br","twitter_card":"summary_large_image","twitter_misc":{"Escrito por":"paulo.bissacot@oppens.com.br","Est. tempo de leitura":"3 minutos"},"schema":{"@context":"https:\/\/schema.org","@graph":[{"@type":"Article","@id":"https:\/\/oppens.com.br\/blog\/emprestimos-e-financiamentos\/credito-nao-e-vilao-desorganizacao-e\/#article","isPartOf":{"@id":"https:\/\/oppens.com.br\/blog\/emprestimos-e-financiamentos\/credito-nao-e-vilao-desorganizacao-e\/"},"author":{"name":"paulo.bissacot@oppens.com.br","@id":"https:\/\/oppens.com.br\/blog\/#\/schema\/person\/9a79936c6f7b0a9c6c9d78ced28985b9"},"headline":"Cr\u00e9dito n\u00e3o \u00e9 vil\u00e3o \u2014 desorganiza\u00e7\u00e3o \u00e9","datePublished":"2026-03-16T09:00:00+00:00","mainEntityOfPage":{"@id":"https:\/\/oppens.com.br\/blog\/emprestimos-e-financiamentos\/credito-nao-e-vilao-desorganizacao-e\/"},"wordCount":584,"publisher":{"@id":"https:\/\/oppens.com.br\/blog\/#organization"},"image":{"@id":"https:\/\/oppens.com.br\/blog\/emprestimos-e-financiamentos\/credito-nao-e-vilao-desorganizacao-e\/#primaryimage"},"thumbnailUrl":"https:\/\/oppens.com.br\/blog\/wp-content\/uploads\/2026\/01\/uso_consciente_do_credito.jpeg","keywords":["controle financeiro","cr\u00e9dito consciente","decis\u00f5es financeiras","educa\u00e7\u00e3o financeira","finan\u00e7as pessoais","h\u00e1bitos financeiros","or\u00e7amento pessoal","organiza\u00e7\u00e3o financeira","planejamento financeiro","uso do cr\u00e9dito"],"articleSection":["Empr\u00e9stimos e financiamentos"],"inLanguage":"pt-BR"},{"@type":"WebPage","@id":"https:\/\/oppens.com.br\/blog\/emprestimos-e-financiamentos\/credito-nao-e-vilao-desorganizacao-e\/","url":"https:\/\/oppens.com.br\/blog\/emprestimos-e-financiamentos\/credito-nao-e-vilao-desorganizacao-e\/","name":"Cr\u00e9dito n\u00e3o \u00e9 vil\u00e3o \u2014 desorganiza\u00e7\u00e3o \u00e9 - Oppens","isPartOf":{"@id":"https:\/\/oppens.com.br\/blog\/#website"},"primaryImageOfPage":{"@id":"https:\/\/oppens.com.br\/blog\/emprestimos-e-financiamentos\/credito-nao-e-vilao-desorganizacao-e\/#primaryimage"},"image":{"@id":"https:\/\/oppens.com.br\/blog\/emprestimos-e-financiamentos\/credito-nao-e-vilao-desorganizacao-e\/#primaryimage"},"thumbnailUrl":"https:\/\/oppens.com.br\/blog\/wp-content\/uploads\/2026\/01\/uso_consciente_do_credito.jpeg","datePublished":"2026-03-16T09:00:00+00:00","description":"O cr\u00e9dito n\u00e3o \u00e9 o vil\u00e3o das finan\u00e7as. Entenda por que a desorganiza\u00e7\u00e3o causa problemas e como usar cr\u00e9dito com consci\u00eancia.","breadcrumb":{"@id":"https:\/\/oppens.com.br\/blog\/emprestimos-e-financiamentos\/credito-nao-e-vilao-desorganizacao-e\/#breadcrumb"},"inLanguage":"pt-BR","potentialAction":[{"@type":"ReadAction","target":["https:\/\/oppens.com.br\/blog\/emprestimos-e-financiamentos\/credito-nao-e-vilao-desorganizacao-e\/"]}]},{"@type":"ImageObject","inLanguage":"pt-BR","@id":"https:\/\/oppens.com.br\/blog\/emprestimos-e-financiamentos\/credito-nao-e-vilao-desorganizacao-e\/#primaryimage","url":"https:\/\/oppens.com.br\/blog\/wp-content\/uploads\/2026\/01\/uso_consciente_do_credito.jpeg","contentUrl":"https:\/\/oppens.com.br\/blog\/wp-content\/uploads\/2026\/01\/uso_consciente_do_credito.jpeg","width":2272,"height":1632,"caption":"O cr\u00e9dito n\u00e3o \u00e9 o problema; a falta de organiza\u00e7\u00e3o financeira \u00e9 que causa desequil\u00edbrio."},{"@type":"BreadcrumbList","@id":"https:\/\/oppens.com.br\/blog\/emprestimos-e-financiamentos\/credito-nao-e-vilao-desorganizacao-e\/#breadcrumb","itemListElement":[{"@type":"ListItem","position":1,"name":"In\u00edcio","item":"https:\/\/oppens.com.br\/blog\/"},{"@type":"ListItem","position":2,"name":"Cr\u00e9dito n\u00e3o \u00e9 vil\u00e3o \u2014 desorganiza\u00e7\u00e3o \u00e9"}]},{"@type":"WebSite","@id":"https:\/\/oppens.com.br\/blog\/#website","url":"https:\/\/oppens.com.br\/blog\/","name":"Oppens","description":"Educa\u00e7\u00e3o financeira sobre cr\u00e9dito, empr\u00e9stimos e financiamentos","publisher":{"@id":"https:\/\/oppens.com.br\/blog\/#organization"},"potentialAction":[{"@type":"SearchAction","target":{"@type":"EntryPoint","urlTemplate":"https:\/\/oppens.com.br\/blog\/?s={search_term_string}"},"query-input":{"@type":"PropertyValueSpecification","valueRequired":true,"valueName":"search_term_string"}}],"inLanguage":"pt-BR"},{"@type":"Organization","@id":"https:\/\/oppens.com.br\/blog\/#organization","name":"Oppens","url":"https:\/\/oppens.com.br\/blog\/","logo":{"@type":"ImageObject","inLanguage":"pt-BR","@id":"https:\/\/oppens.com.br\/blog\/#\/schema\/logo\/image\/","url":"https:\/\/oppens.com.br\/blog\/wp-content\/uploads\/2024\/08\/novo_oppens-marca-horizontal.png","contentUrl":"https:\/\/oppens.com.br\/blog\/wp-content\/uploads\/2024\/08\/novo_oppens-marca-horizontal.png","width":933,"height":243,"caption":"Oppens"},"image":{"@id":"https:\/\/oppens.com.br\/blog\/#\/schema\/logo\/image\/"},"sameAs":["https:\/\/www.facebook.com\/people\/Oppensoficial\/61558022886830\/?mibextid=LQQJ4d","https:\/\/www.linkedin.com\/company\/oppensbank\/?viewAsMember=true","https:\/\/www.instagram.com\/oppens.oficial\/"]},{"@type":"Person","@id":"https:\/\/oppens.com.br\/blog\/#\/schema\/person\/9a79936c6f7b0a9c6c9d78ced28985b9","name":"paulo.bissacot@oppens.com.br","image":{"@type":"ImageObject","inLanguage":"pt-BR","@id":"https:\/\/secure.gravatar.com\/avatar\/220758b3e205274cee1d2ff75f5057dd997c7fcf71a6a2de3d0627df5f0f0a7d?s=96&d=mm&r=g","url":"https:\/\/secure.gravatar.com\/avatar\/220758b3e205274cee1d2ff75f5057dd997c7fcf71a6a2de3d0627df5f0f0a7d?s=96&d=mm&r=g","contentUrl":"https:\/\/secure.gravatar.com\/avatar\/220758b3e205274cee1d2ff75f5057dd997c7fcf71a6a2de3d0627df5f0f0a7d?s=96&d=mm&r=g","caption":"paulo.bissacot@oppens.com.br"},"sameAs":["https:\/\/www.oppens.com.br"],"url":"https:\/\/oppens.com.br\/blog\/author\/paulo-bissacotoppens-com-br\/"}]}},"_links":{"self":[{"href":"https:\/\/oppens.com.br\/blog\/wp-json\/wp\/v2\/posts\/2249","targetHints":{"allow":["GET"]}}],"collection":[{"href":"https:\/\/oppens.com.br\/blog\/wp-json\/wp\/v2\/posts"}],"about":[{"href":"https:\/\/oppens.com.br\/blog\/wp-json\/wp\/v2\/types\/post"}],"author":[{"embeddable":true,"href":"https:\/\/oppens.com.br\/blog\/wp-json\/wp\/v2\/users\/1"}],"replies":[{"embeddable":true,"href":"https:\/\/oppens.com.br\/blog\/wp-json\/wp\/v2\/comments?post=2249"}],"version-history":[{"count":3,"href":"https:\/\/oppens.com.br\/blog\/wp-json\/wp\/v2\/posts\/2249\/revisions"}],"predecessor-version":[{"id":2255,"href":"https:\/\/oppens.com.br\/blog\/wp-json\/wp\/v2\/posts\/2249\/revisions\/2255"}],"wp:featuredmedia":[{"embeddable":true,"href":"https:\/\/oppens.com.br\/blog\/wp-json\/wp\/v2\/media\/2250"}],"wp:attachment":[{"href":"https:\/\/oppens.com.br\/blog\/wp-json\/wp\/v2\/media?parent=2249"}],"wp:term":[{"taxonomy":"category","embeddable":true,"href":"https:\/\/oppens.com.br\/blog\/wp-json\/wp\/v2\/categories?post=2249"},{"taxonomy":"post_tag","embeddable":true,"href":"https:\/\/oppens.com.br\/blog\/wp-json\/wp\/v2\/tags?post=2249"}],"curies":[{"name":"wp","href":"https:\/\/api.w.org\/{rel}","templated":true}]}}